{"id":1937,"date":"2022-10-06T22:27:52","date_gmt":"2022-10-07T01:27:52","guid":{"rendered":"https:\/\/www.cdvbasket.cl\/sitio\/?p=1937"},"modified":"2022-10-06T22:59:13","modified_gmt":"2022-10-07T01:59:13","slug":"plantel-del-cdv-visito-instituto-teleton-de-valdivia","status":"publish","type":"post","link":"https:\/\/www.cdvbasket.cl\/sitio\/2022\/10\/06\/plantel-del-cdv-visito-instituto-teleton-de-valdivia\/","title":{"rendered":"Plantel y dirigentes del CDV visitaron Instituto Telet\u00f3n de Valdivia"},"content":{"rendered":"\n<p><strong>Por Nicol\u00e1s Aravena \/ Gabriel Fontanes<\/strong><\/p>\n\n\n\n<p>Durante la jornada de hoy, el plantel de Club Deportivo Valdivia particip\u00f3 en un taller de actividades guiadas llamado \u201cPonte en mi lugar\u201d, realizado en las dependencias del Instituto Telet\u00f3n de Valdivia .<\/p>\n\n\n\n<p>El recorrido se dividi\u00f3 en dos partes. Primeramente, los jugadores del club tuvieron que utilizar sillas de ruedas para movilizarse. Y luego, cada participante deb\u00eda vendar sus ojos y meter las manos dentro de cajas que conten\u00edan diversos objetos, con tama\u00f1os y texturas distintas.<\/p>\n\n\n\n<figure class=\"wp-block-image size-large is-resized\"><img loading=\"lazy\" src=\"https:\/\/www.cdvbasket.cl\/sitio\/wp-content\/uploads\/2022\/10\/IMG_1145-1024x768.jpg\" alt=\"\" class=\"wp-image-1941\" width=\"749\" height=\"562\"\/><figcaption>Por Gabriel Fontanes \/ Claudio Soto y Gabriel Schamberger fueron part\u00edcipes del taller \u00abPonte en mi lugar\u00bb.<\/figcaption><\/figure>\n\n\n\n<p>La voluntaria de la Telet\u00f3n, Daniela Andaur expres\u00f3 que, \u201cel objetivo de este taller era que los participantes puedan dimensionar lo que es, para una persona con discapacidad, el utilizar silla de ruedas o sentir algunos objetos en el caso de los no videntes\u201d.<\/p>\n\n\n\n<figure class=\"wp-block-image size-large is-resized\"><img loading=\"lazy\" src=\"https:\/\/www.cdvbasket.cl\/sitio\/wp-content\/uploads\/2022\/10\/IMG_1163-1024x768.jpg\" alt=\"\" class=\"wp-image-1939\" width=\"745\" height=\"559\"\/><figcaption>Por Gabriel Fontanes \/ Aproximadamente 3 horas dur\u00f3 la visita del plantel en el instituto.<\/figcaption><\/figure>\n\n\n\n<p>En esa misma l\u00ednea, el director t\u00e9cnico del CDV, Gabriel Schamberger coment\u00f3 que, \u201chacer este tipo de actividades te bajan a la realidad, sobre todo para dimensionar estas situaciones\u201d. El oriundo de Bah\u00eda Blanca tambi\u00e9n agreg\u00f3 que, es necesario cambiar la idea que se tiene sobre las personas en situaci\u00f3n de discapacidad.<\/p>\n\n\n\n<p>Adem\u00e1s, el jefe de gesti\u00f3n social y voluntariado, Carlos Carrasco argument\u00f3 que, \u201cpara nosotros, es muy gratificante tener al CDV en nuestras instalaciones, un equipo tan identificado con la ciudad de Valdivia, realmente nos llena de orgullo\u201d.<\/p>\n\n\n\n<p>Prontamente, el CDV tendr\u00e1 un partido versus usuarios del instituto, en modalidad silla de ruedas. Este a\u00f1o, la trig\u00e9sima tercera edici\u00f3n de la Telet\u00f3n se realizar\u00e1 el 4 y 5 de noviembre, bajo el eslogan de \u201cNos hace bien a todos\u201d.<\/p>\n","protected":false},"excerpt":{"rendered":"<p>Por Nicol\u00e1s Aravena \/ Gabriel Fontanes Durante la jornada de hoy, el plantel de Club Deportivo Valdivia particip\u00f3 en un taller de actividades guiadas llamado \u201cPonte en mi lugar\u201d, realizado en las dependencias del Instituto Telet\u00f3n de Valdivia . El recorrido se dividi\u00f3 en dos partes. Primeramente, los jugadores del club tuvieron que utilizar sillas&#8230;<\/p>\n","protected":false},"author":2,"featured_media":0,"comment_status":"open","ping_status":"open","sticky":false,"template":"","format":"standard","meta":[],"categories":[87],"tags":[65,67,66,83,75,94,76],"_links":{"self":[{"href":"https:\/\/www.cdvbasket.cl\/sitio\/wp-json\/wp\/v2\/posts\/1937"}],"collection":[{"href":"https:\/\/www.cdvbasket.cl\/sitio\/wp-json\/wp\/v2\/posts"}],"about":[{"href":"https:\/\/www.cdvbasket.cl\/sitio\/wp-json\/wp\/v2\/types\/post"}],"author":[{"embeddable":true,"href":"https:\/\/www.cdvbasket.cl\/sitio\/wp-json\/wp\/v2\/users\/2"}],"replies":[{"embeddable":true,"href":"https:\/\/www.cdvbasket.cl\/sitio\/wp-json\/wp\/v2\/comments?post=1937"}],"version-history":[{"count":11,"href":"https:\/\/www.cdvbasket.cl\/sitio\/wp-json\/wp\/v2\/posts\/1937\/revisions"}],"predecessor-version":[{"id":2230,"href":"https:\/\/www.cdvbasket.cl\/sitio\/wp-json\/wp\/v2\/posts\/1937\/revisions\/2230"}],"wp:attachment":[{"href":"https:\/\/www.cdvbasket.cl\/sitio\/wp-json\/wp\/v2\/media?parent=1937"}],"wp:term":[{"taxonomy":"category","embeddable":true,"href":"https:\/\/www.cdvbasket.cl\/sitio\/wp-json\/wp\/v2\/categories?post=1937"},{"taxonomy":"post_tag","embeddable":true,"href":"https:\/\/www.cdvbasket.cl\/sitio\/wp-json\/wp\/v2\/tags?post=1937"}],"curies":[{"name":"wp","href":"https:\/\/api.w.org\/{rel}","templated":true}]}}