{"id":1973,"date":"2022-10-16T21:50:39","date_gmt":"2022-10-17T00:50:39","guid":{"rendered":"https:\/\/www.cdvbasket.cl\/sitio\/?p=1973"},"modified":"2023-01-08T16:18:21","modified_gmt":"2023-01-08T19:18:21","slug":"cdv-y-csd-adaptados-valdivia-participaron-en-jornada-inclusiva-a-favor-de-la-teleton","status":"publish","type":"post","link":"https:\/\/www.cdvbasket.cl\/sitio\/2022\/10\/16\/cdv-y-csd-adaptados-valdivia-participaron-en-jornada-inclusiva-a-favor-de-la-teleton\/","title":{"rendered":"CDV Y CSD Adaptados Valdivia participaron en jornada inclusiva a favor de la Telet\u00f3n"},"content":{"rendered":"\n<p><strong>Por Gabriel Fontanes y Nicol\u00e1s Aravena.<\/strong><\/p>\n\n\n\n<p>Durante la ma\u00f1ana de este domingo 16 de octubre, dirigentes, cuerpo t\u00e9cnico y parte del plantel del Club Deportivo Valdivia participaron de una actividad inclusiva, cuyo objetivo fue recaudar fondos para esta Telet\u00f3n 2022. La instancia realizada en el Complejo Deportivo Arauco, cont\u00f3 con la participaci\u00f3n del Club Deportivo y Social Adaptados Valdivia, quienes dictaron un taller de inclusi\u00f3n inversa al CDV, para posteriormente disputar un amistoso en silla de ruedas.<\/p>\n\n\n\n<p>La jornada estuvo marcada por la m\u00fasica y la animaci\u00f3n, creando un grato ambiente familiar en conjunto al voluntariado&nbsp;de la Telet\u00f3n. \u201cEstamos tremendamente felices, acabamos de vivir una fiesta deportiva y de solidaridad\u201d, dijo&nbsp;Carlos Carrasco, &nbsp;jefe de gesti\u00f3n social y voluntariado Telet\u00f3n.<\/p>\n\n\n\n<figure class=\"wp-block-image size-large is-resized\"><img loading=\"lazy\" src=\"https:\/\/www.cdvbasket.cl\/sitio\/wp-content\/uploads\/2022\/10\/IMG_1398-1024x683.jpg\" alt=\"\" class=\"wp-image-1978\" width=\"830\" height=\"554\"\/><figcaption>Por Nicol\u00e1s Aravena\/ El juego se disput\u00f3 en base al reglamento del B\u00e1squetbol SR.<\/figcaption><\/figure>\n\n\n\n<p>Camilo L\u00f3pez, entrenador del CSD Adaptados Valdivia, destac\u00f3 la importancia de eventos de este tipo, indicando que \u201cesta fue una instancia muy enriquecedora, ya que con actividades as\u00ed motivamos a ni\u00f1os y j\u00f3venes en situaci\u00f3n de discapacidad a interesarse en deportes como el b\u00e1squetbol\u201d.<\/p>\n\n\n\n<p>Cabe mencionar que, los dirigidos por L\u00f3pez, actualmente se encuentran disputando la Liga Nacional de Basquetbol SR. Su destacada participaci\u00f3n los llev\u00f3 a clasificarse al cuadrangular final de la competici\u00f3n en la \u00faltima fecha.<\/p>\n\n\n\n<figure class=\"wp-block-image size-large is-resized\"><img loading=\"lazy\" src=\"https:\/\/www.cdvbasket.cl\/sitio\/wp-content\/uploads\/2022\/10\/IMG_1281-1024x683.jpg\" alt=\"\" class=\"wp-image-1979\" width=\"826\" height=\"551\"\/><figcaption>Por Nicol\u00e1s Aravena \/ CSD Adaptados Valdivia tiene 11 a\u00f1os desde su fundaci\u00f3n.<\/figcaption><\/figure>\n\n\n\n<p>Por parte del CDV, Lorena Gallardo, Presidenta del club, coment\u00f3, \u201cel que&nbsp; hoy nos hayan permitido ponernos en su lugar e invitarnos a incluirnos en su realidad, nos genera s\u00f3lo un c\u00famulo de experiencias positivas que debemos aprovechar en nuestro d\u00eda a d\u00eda. Hoy no solo nos divertimos, hoy aprendimos una ense\u00f1anza que permanecer\u00e1 en nuestros corazones\u201d. Adem\u00e1s, la dirigente del club expres\u00f3 su deseo de replicar este tipo de actividades dirigidas a la comunidad de Valdivia.<\/p>\n\n\n\n<p>A pocas semanas del inicio de Telet\u00f3n este 4 y 5 de Noviembre, los invitamos a participar y cooperar con esta campa\u00f1a para nuevamente alcanzar la meta, y de esta forma aportar en la rehabilitaci\u00f3n e inclusi\u00f3n de ni\u00f1os y j\u00f3venes en situaci\u00f3n de discapacidad f\u00edsica en nuestro pa\u00eds.<\/p>\n\n\n\n<p><\/p>\n\n\n\n<p><\/p>\n","protected":false},"excerpt":{"rendered":"<p>Por Gabriel Fontanes y Nicol\u00e1s Aravena. Durante la ma\u00f1ana de este domingo 16 de octubre, dirigentes, cuerpo t\u00e9cnico y parte del plantel del Club Deportivo Valdivia participaron de una actividad inclusiva, cuyo objetivo fue recaudar fondos para esta Telet\u00f3n 2022. La instancia realizada en el Complejo Deportivo Arauco, cont\u00f3 con la participaci\u00f3n del Club Deportivo&#8230;<\/p>\n","protected":false},"author":2,"featured_media":0,"comment_status":"open","ping_status":"open","sticky":false,"template":"","format":"standard","meta":[],"categories":[87],"tags":[72,67,66,83,75,94,76],"_links":{"self":[{"href":"https:\/\/www.cdvbasket.cl\/sitio\/wp-json\/wp\/v2\/posts\/1973"}],"collection":[{"href":"https:\/\/www.cdvbasket.cl\/sitio\/wp-json\/wp\/v2\/posts"}],"about":[{"href":"https:\/\/www.cdvbasket.cl\/sitio\/wp-json\/wp\/v2\/types\/post"}],"author":[{"embeddable":true,"href":"https:\/\/www.cdvbasket.cl\/sitio\/wp-json\/wp\/v2\/users\/2"}],"replies":[{"embeddable":true,"href":"https:\/\/www.cdvbasket.cl\/sitio\/wp-json\/wp\/v2\/comments?post=1973"}],"version-history":[{"count":14,"href":"https:\/\/www.cdvbasket.cl\/sitio\/wp-json\/wp\/v2\/posts\/1973\/revisions"}],"predecessor-version":[{"id":2213,"href":"https:\/\/www.cdvbasket.cl\/sitio\/wp-json\/wp\/v2\/posts\/1973\/revisions\/2213"}],"wp:attachment":[{"href":"https:\/\/www.cdvbasket.cl\/sitio\/wp-json\/wp\/v2\/media?parent=1973"}],"wp:term":[{"taxonomy":"category","embeddable":true,"href":"https:\/\/www.cdvbasket.cl\/sitio\/wp-json\/wp\/v2\/categories?post=1973"},{"taxonomy":"post_tag","embeddable":true,"href":"https:\/\/www.cdvbasket.cl\/sitio\/wp-json\/wp\/v2\/tags?post=1973"}],"curies":[{"name":"wp","href":"https:\/\/api.w.org\/{rel}","templated":true}]}}