{"id":2984,"date":"2024-01-16T19:35:55","date_gmt":"2024-01-16T22:35:55","guid":{"rendered":"https:\/\/www.cdvbasket.cl\/sitio\/?p=2984"},"modified":"2024-01-16T19:35:58","modified_gmt":"2024-01-16T22:35:58","slug":"club-deportivo-valdivia-firmo-convenio-con-clinica-imaval","status":"publish","type":"post","link":"https:\/\/www.cdvbasket.cl\/sitio\/2024\/01\/16\/club-deportivo-valdivia-firmo-convenio-con-clinica-imaval\/","title":{"rendered":"Club Deportivo Valdivia firm\u00f3 convenio con Cl\u00ednica Imaval"},"content":{"rendered":"\n<p><em>La cl\u00ednica de imagenolog\u00eda entregar\u00e1 descuentos a socios y funcionarios del club.<\/em><\/p>\n\n\n\n<p>Por Maite C\u00e1ceres<\/p>\n\n\n\n<p>El d\u00eda de hoy, el Club Deportivo Valdivia (CDV) firm\u00f3 un convenio con la Cl\u00ednica Imaval en el Coliseo Municipal Antonio Azurmendy Riveros. El acuerdo cont\u00f3 con la presencia del neurorradi\u00f3logo Dr. Ricardo Wiegand, directivos del club y plantel.<\/p>\n\n\n\n<p>El contrato firmado proporcionar\u00e1 a socios, funcionarios y jugadores del club, diversos beneficios, entre ellos, la realizaci\u00f3n de seis ex\u00e1menes gratis para los jugadores del equipo. Al respecto, el alero del CDV, Fab\u00edan Mart\u00ednez, mencion\u00f3 que, \u201cme parece perfecto que el convenio nos ayude a los jugadores, pues nos ayuda a recuperarnos de alguna lesi\u00f3n o algo que tengamos, que nos puede pasar en cada momento\u201d.<\/p>\n\n\n\n<p>El centro m\u00e9dico entregar\u00e1 un 10% de descuento en ex\u00e1menes radiol\u00f3gicos a todos aquellos afiliados con el CDV, sean socios o abonados durante el 2024.<\/p>\n\n\n\n<p><\/p>\n","protected":false},"excerpt":{"rendered":"<p>La cl\u00ednica de imagenolog\u00eda entregar\u00e1 descuentos a socios y funcionarios del club. Por Maite C\u00e1ceres El d\u00eda de hoy, el Club Deportivo Valdivia (CDV) firm\u00f3 un convenio con la Cl\u00ednica Imaval en el Coliseo Municipal Antonio Azurmendy Riveros. El acuerdo cont\u00f3 con la presencia del neurorradi\u00f3logo Dr. Ricardo Wiegand, directivos del club y plantel. El&#8230;<\/p>\n","protected":false},"author":2,"featured_media":2985,"comment_status":"open","ping_status":"open","sticky":false,"template":"","format":"standard","meta":[],"categories":[87],"tags":[],"_links":{"self":[{"href":"https:\/\/www.cdvbasket.cl\/sitio\/wp-json\/wp\/v2\/posts\/2984"}],"collection":[{"href":"https:\/\/www.cdvbasket.cl\/sitio\/wp-json\/wp\/v2\/posts"}],"about":[{"href":"https:\/\/www.cdvbasket.cl\/sitio\/wp-json\/wp\/v2\/types\/post"}],"author":[{"embeddable":true,"href":"https:\/\/www.cdvbasket.cl\/sitio\/wp-json\/wp\/v2\/users\/2"}],"replies":[{"embeddable":true,"href":"https:\/\/www.cdvbasket.cl\/sitio\/wp-json\/wp\/v2\/comments?post=2984"}],"version-history":[{"count":3,"href":"https:\/\/www.cdvbasket.cl\/sitio\/wp-json\/wp\/v2\/posts\/2984\/revisions"}],"predecessor-version":[{"id":2989,"href":"https:\/\/www.cdvbasket.cl\/sitio\/wp-json\/wp\/v2\/posts\/2984\/revisions\/2989"}],"wp:featuredmedia":[{"embeddable":true,"href":"https:\/\/www.cdvbasket.cl\/sitio\/wp-json\/wp\/v2\/media\/2985"}],"wp:attachment":[{"href":"https:\/\/www.cdvbasket.cl\/sitio\/wp-json\/wp\/v2\/media?parent=2984"}],"wp:term":[{"taxonomy":"category","embeddable":true,"href":"https:\/\/www.cdvbasket.cl\/sitio\/wp-json\/wp\/v2\/categories?post=2984"},{"taxonomy":"post_tag","embeddable":true,"href":"https:\/\/www.cdvbasket.cl\/sitio\/wp-json\/wp\/v2\/tags?post=2984"}],"curies":[{"name":"wp","href":"https:\/\/api.w.org\/{rel}","templated":true}]}}